{"id":4279,"date":"2026-08-13T15:00:46","date_gmt":"2026-08-13T13:00:46","guid":{"rendered":"https:\/\/derivalenta.com\/de-cata-per-territori-rodera\/"},"modified":"2026-08-13T15:04:52","modified_gmt":"2026-08-13T13:04:52","slug":"de-tastet-per-territori-rodera","status":"publish","type":"post","link":"https:\/\/derivalenta.com\/va\/de-tastet-per-territori-rodera\/","title":{"rendered":"De tastet per territori Rodera"},"content":{"rendered":"<p><div class=\"fusion-fullwidth fullwidth-box fusion-builder-row-1 fusion-flex-container has-pattern-background has-mask-background nonhundred-percent-fullwidth non-hundred-percent-height-scrolling\" style=\"--awb-border-radius-top-left:0px;--awb-border-radius-top-right:0px;--awb-border-radius-bottom-right:0px;--awb-border-radius-bottom-left:0px;--awb-flex-wrap:wrap;\" ><div class=\"fusion-builder-row fusion-row fusion-flex-align-items-flex-start fusion-flex-content-wrap\" style=\"max-width:1248px;margin-left: calc(-4% \/ 2 );margin-right: calc(-4% \/ 2 );\"><div class=\"fusion-layout-column fusion_builder_column fusion-builder-column-0 fusion_builder_column_1_1 1_1 fusion-flex-column\" style=\"--awb-bg-size:cover;--awb-width-large:100%;--awb-margin-top-large:0px;--awb-spacing-right-large:1.92%;--awb-margin-bottom-large:20px;--awb-spacing-left-large:1.92%;--awb-width-medium:100%;--awb-order-medium:0;--awb-spacing-right-medium:1.92%;--awb-spacing-left-medium:1.92%;--awb-width-small:100%;--awb-order-small:0;--awb-spacing-right-small:1.92%;--awb-spacing-left-small:1.92%;\"><div class=\"fusion-column-wrapper fusion-column-has-shadow fusion-flex-justify-content-flex-start fusion-content-layout-column\"><div class=\"fusion-text fusion-text-1\" style=\"--awb-font-size:16pt;\"><p>Si hi ha una ruta que fa temps que desitge rec\u00f3rrer, \u00e9s Rodera, el <a href=\"https:\/\/www.rodera.cc\/assagadors-va\/\" target=\"_blank\" rel=\"noopener\">Cam\u00ed dels Assagadors<\/a>. Per qu\u00e8? Principalment perqu\u00e8 s\u00f3c valenci\u00e0. I, com a tal, admet amb un punt de rubor que encara no he explorat tots els tresors de la meua pr\u00f2pia terra. Rodera \u00e9s just aix\u00f2: l\u2019ocasi\u00f3 perfecta per endinsar-me en una d\u2019aquelles zones que encara em queden per assaborir i retrobar-me amb la bellesa d\u2019un territori que, per a mi, \u00e9s dels m\u00e9s bonics del m\u00f3n.    <\/p>\n<p>Encara presents en el nomencl\u00e0tor de molts pobles valencians, els assagadors s\u00f3n antigues vies pecu\u00e0ries d\u2019origen medieval. Camins molt m\u00e9s modestos en ampl\u00e0ria que les grans carrerades, pels quals el ramat avan\u00e7ava pr\u00e0cticament en fila, un animal darrere de l\u2019altre. Durant segles van connectar les pastures de les serres de l\u2019interior amb les terres agr\u00edcoles del litoral i, sovint, es tra\u00e7aven vorejant els nuclis de poblaci\u00f3 per evitar mol\u00e8sties, malalties i danys als cultius.  <\/p>\n<p>D\u2019alguna manera, Rodera recupera aquell esperit transhumant: partir del Mediterrani, endinsar-se a les muntanyes seguint camins secundaris i antics passos ramaders i, despr\u00e9s de travessar bona part de l\u2019interior valenci\u00e0, tornar de nou a la mar. Una llarga travessia de costa a costa, evitant sempre que \u00e9s possible les grans carreteres i els nuclis de poblaci\u00f3.<\/p>\n<\/div><div class=\"fusion-image-element\" style=\"text-align:center;--awb-margin-bottom:20px;--awb-caption-title-font-family:var(--h2_typography-font-family);--awb-caption-title-font-weight:var(--h2_typography-font-weight);--awb-caption-title-font-style:var(--h2_typography-font-style);--awb-caption-title-size:var(--h2_typography-font-size);--awb-caption-title-transform:var(--h2_typography-text-transform);--awb-caption-title-line-height:var(--h2_typography-line-height);--awb-caption-title-letter-spacing:var(--h2_typography-letter-spacing);\"><span class=\" fusion-imageframe imageframe-none imageframe-1 hover-type-none\"><img decoding=\"async\" width=\"2048\" height=\"1279\" alt=\"Paisatge muntany\u00f3s amb una pista que creua pel mig\" src=\"https:\/\/derivalenta.com\/wp-content\/uploads\/2025\/11\/Paisaje-montanoso-con-una-pista-que-cruza-por-el-medio.webp\" data-orig-src=\"https:\/\/derivalenta.com\/wp-content\/uploads\/2025\/11\/Paisaje-montanoso-con-una-pista-que-cruza-por-el-medio.webp\" class=\"lazyload img-responsive wp-image-4469\" srcset=\"data:image\/svg+xml,%3Csvg%20xmlns%3D%27http%3A%2F%2Fwww.w3.org%2F2000%2Fsvg%27%20width%3D%272048%27%20height%3D%271279%27%20viewBox%3D%270%200%202048%201279%27%3E%3Crect%20width%3D%272048%27%20height%3D%271279%27%20fill-opacity%3D%220%22%2F%3E%3C%2Fsvg%3E\" data-srcset=\"https:\/\/derivalenta.com\/wp-content\/uploads\/2025\/11\/Paisaje-montanoso-con-una-pista-que-cruza-por-el-medio-200x125.webp 200w, https:\/\/derivalenta.com\/wp-content\/uploads\/2025\/11\/Paisaje-montanoso-con-una-pista-que-cruza-por-el-medio-400x250.webp 400w, https:\/\/derivalenta.com\/wp-content\/uploads\/2025\/11\/Paisaje-montanoso-con-una-pista-que-cruza-por-el-medio-600x375.webp 600w, https:\/\/derivalenta.com\/wp-content\/uploads\/2025\/11\/Paisaje-montanoso-con-una-pista-que-cruza-por-el-medio-800x500.webp 800w, https:\/\/derivalenta.com\/wp-content\/uploads\/2025\/11\/Paisaje-montanoso-con-una-pista-que-cruza-por-el-medio-1200x749.webp 1200w, https:\/\/derivalenta.com\/wp-content\/uploads\/2025\/11\/Paisaje-montanoso-con-una-pista-que-cruza-por-el-medio.webp 2048w\" data-sizes=\"auto\" data-orig-sizes=\"(max-width: 640px) 100vw, 1200px\" \/><\/span><\/div><div class=\"fusion-text fusion-text-2\" style=\"--awb-font-size:16pt;\"><p>D\u2019eixe mateix impuls va n\u00e0ixer tamb\u00e9 <a href=\"https:\/\/derivalenta.com\/va\/ruta\/deriva-lenta-slowbiking\/\">Deriva Lenta Slowbiking<\/a>: de les ganes de mostrar el meu pati de jocs, eixe rac\u00f3 del nord de la Comunitat Valenciana que tant m\u2019inspira. El Cam\u00ed dels Assagadors serpenteja pel centre del nostre territori i estic segur que, amb el temps, apareixer\u00e0 algun enamorat de la part sud disposat a convidar-nos tamb\u00e9 a descobrir aquelles terres. <\/p>\n<p>Abans d\u2019afrontar la ruta completa, vaig tindre l\u2019oportunitat de fer-ne un petit tast de cap de setmana amb un company que havia conegut en una de les eixides de Bikepacking Gathering<sup class=\"dl-fn\" tabindex=\"0\" role=\"note\" aria-label=\"Nota 1\" data-fn-number=\"1\" data-fn-text=\"Aquesta Deriva encara s\u2019est\u00e0 coent. Subscriu-te a la &lt;a href=&quot;https:\/\/derivalenta.com\/va\/slowletter\/&quot;&gt;Slowletter &lt;\/a&gt;per gaudir-ne quan arribe el moment.\">1<\/sup>. Un company que sintonitzava en una freq\u00fc\u00e8ncia molt semblant a la de Deriva Lenta. Quan em va proposar la idea i vaig dir que s\u00ed, sabia que havia apostat a cavall guanyador. <\/p>\n<p>La gent de Rodera, sempre amb bon rotllo, ens va preparar un petit bucle per la part nord del tra\u00e7at, la que ens quedava m\u00e9s a m\u00e0 des de les nostres localitats: quasi 150 quil\u00f2metres i m\u00e9s de 3.600 metres de desnivell positiu per descobrir, durant dos dies, alguns dels paisatges pels quals discorre el Cam\u00ed. Ac\u00ed et deixe el track de <a href=\"https:\/\/es.wikiloc.com\/rutas-bikepacking\/rodera-weekend-151829955\" target=\"_blank\" rel=\"noopener\">Wikiloc<\/a>. <\/p>\n<p>Ens vam despla\u00e7ar fins a Tu\u00e9jar per comen\u00e7ar el recorregut. All\u00ed, en plena Serrania valenciana, vam deixar enrere el cotxe i, despr\u00e9s d\u2019un bon esmorzar (perqu\u00e8 les grans aventures sempre pareixen comen\u00e7ar millor amb la panxa plena), vam acabar de preparar les bicicletes. <\/p>\n<p>Hi havia ganes. Moltes. <\/p>\n<p>Eixa barreja de nervis i entusiasme que apareix mentre ajustes l\u2019\u00faltima corretja i saps que, durant les pr\u00f2ximes hores, el teu m\u00f3n es reduir\u00e0 a una cosa tan senzilla com seguir una l\u00ednia sobre el GPS.<\/p>\n<p>I vam comen\u00e7ar a pedalar.<\/p>\n<p>Prompte les carreteres van deixar pas a les pistes i ens vam endinsar en un paisatge de pinedes mediterr\u00e0nies, carrascars, camps de sec\u00e0 i barrancs. Un territori de transici\u00f3, dur per moments, on els boscos s\u2019obrin per deixar apar\u00e9ixer els cultius abans de tornar a tancar-se uns quil\u00f2metres m\u00e9s endavant. <\/p>\n<p>Alpuente, La Yesa, La Cuevarruz, Corcolilla, Aras de los Olmos\u2026 Xicotets pobles van anar apareixent en el nostre cam\u00ed com pauses naturals dins del recorregut. Llocs tranquils, allunyats del soroll de les grans poblacions, on un t\u00e9 la sensaci\u00f3 que la bicicleta no travessa simplement el territori, sin\u00f3 que s\u2019adapta al seu ritme. <\/p>\n<p>Potser per aix\u00f2 em va agradar especialment trobar tants refugis forestals en bon estat al llarg del recorregut. No nom\u00e9s com a ciclista, sin\u00f3 pensant en les possibilitats que ofereixen perqu\u00e8 rutes com aquesta puguen ser gaudides per persones amb maneres molt diferents de viatjar. <\/p>\n<p>A mi m\u2019encanta plantar la tenda i dormir a l\u2019aire lliure, per\u00f2 soc conscient que no tothom comparteix eixe entusiasme per l\u2019acampada o el bivac. Saber que hi ha llocs on resguardar-se permet afrontar una aventura de diversos dies d\u2019una altra manera i obri aquest tipus de viatges a un ventall molt m\u00e9s ampli de cicloturistes. <\/p>\n<p>Curiosament, aquella vegada vaig ser jo qui va decidir deixar la tenda a casa.<\/p>\n<p>El nostre objectiu per passar la nit era el <a href=\"https:\/\/derivalenta.com\/wp-content\/uploads\/2026\/08\/Cobijo-Forestal-Agua-Tomas.pdf\" target=\"_blank\" rel=\"noopener\">Refugi Forestal Agua Tom\u00e1s<\/a>. No ten\u00edem massa informaci\u00f3 sobre el que hi trobar\u00edem i potser per aix\u00f2 l\u2019arribada es va convertir en un d\u2019eixos petits moments que romanen en la mem\u00f2ria molt despr\u00e9s d\u2019haver oblidat quil\u00f2metres, desnivells i estad\u00edstiques. <\/p>\n<p>El refugi va apar\u00e9ixer en un indret recollit, envoltat de natura, amb una zona de p\u00edcnic i el riu T\u00faria discorrent pl\u00e0cidament a penes a trenta metres. Despr\u00e9s de tot un dia pedalant, all\u00f2 ens va par\u00e9ixer poc menys que un hotel de cinc estreles.<\/p>\n<\/div><div class=\"fusion-image-element\" style=\"text-align:center;--awb-margin-bottom:20px;--awb-caption-title-font-family:var(--h2_typography-font-family);--awb-caption-title-font-weight:var(--h2_typography-font-weight);--awb-caption-title-font-style:var(--h2_typography-font-style);--awb-caption-title-size:var(--h2_typography-font-size);--awb-caption-title-transform:var(--h2_typography-text-transform);--awb-caption-title-line-height:var(--h2_typography-line-height);--awb-caption-title-letter-spacing:var(--h2_typography-letter-spacing);\"><span class=\" fusion-imageframe imageframe-none imageframe-2 hover-type-none\"><img decoding=\"async\" width=\"1800\" height=\"1350\" alt=\"Refugi forestal amb dues bicicletes de bikepacking recolzades i una taula de fusta\" src=\"https:\/\/derivalenta.com\/wp-content\/uploads\/2025\/11\/Refugio-forestal-con-dos-bicicletas-de-bikepacking-apoyadas-y-una-mesa-de-madera.webp\" data-orig-src=\"https:\/\/derivalenta.com\/wp-content\/uploads\/2025\/11\/Refugio-forestal-con-dos-bicicletas-de-bikepacking-apoyadas-y-una-mesa-de-madera.webp\" class=\"lazyload img-responsive wp-image-4512\" srcset=\"data:image\/svg+xml,%3Csvg%20xmlns%3D%27http%3A%2F%2Fwww.w3.org%2F2000%2Fsvg%27%20width%3D%271800%27%20height%3D%271350%27%20viewBox%3D%270%200%201800%201350%27%3E%3Crect%20width%3D%271800%27%20height%3D%271350%27%20fill-opacity%3D%220%22%2F%3E%3C%2Fsvg%3E\" data-srcset=\"https:\/\/derivalenta.com\/wp-content\/uploads\/2025\/11\/Refugio-forestal-con-dos-bicicletas-de-bikepacking-apoyadas-y-una-mesa-de-madera-200x150.webp 200w, https:\/\/derivalenta.com\/wp-content\/uploads\/2025\/11\/Refugio-forestal-con-dos-bicicletas-de-bikepacking-apoyadas-y-una-mesa-de-madera-400x300.webp 400w, https:\/\/derivalenta.com\/wp-content\/uploads\/2025\/11\/Refugio-forestal-con-dos-bicicletas-de-bikepacking-apoyadas-y-una-mesa-de-madera-600x450.webp 600w, https:\/\/derivalenta.com\/wp-content\/uploads\/2025\/11\/Refugio-forestal-con-dos-bicicletas-de-bikepacking-apoyadas-y-una-mesa-de-madera-800x600.webp 800w, https:\/\/derivalenta.com\/wp-content\/uploads\/2025\/11\/Refugio-forestal-con-dos-bicicletas-de-bikepacking-apoyadas-y-una-mesa-de-madera-1200x900.webp 1200w, https:\/\/derivalenta.com\/wp-content\/uploads\/2025\/11\/Refugio-forestal-con-dos-bicicletas-de-bikepacking-apoyadas-y-una-mesa-de-madera.webp 1800w\" data-sizes=\"auto\" data-orig-sizes=\"(max-width: 640px) 100vw, 1200px\" \/><\/span><\/div><div class=\"fusion-text fusion-text-3\" style=\"--awb-font-size:16pt;\"><p>Era 30 d\u2019octubre i la temperatura convidava a pensar-s\u2019ho dues vegades, per\u00f2 tindre el riu all\u00ed davant va acabar imposant-se a qualsevol rastre de sensatesa. Un bany r\u00e0pid en les seues aig\u00fces fredes va ser suficient per llevar-nos de damunt la pols i part del cansament acumulat durant la jornada. <\/p>\n<p>Despr\u00e9s va arribar la recompensa: entrar al refugi, encendre la llar de foc i deixar que, a poc a poc, la calor omplira l\u2019estan\u00e7a.<\/p>\n<p>Fora, la nit.<\/p>\n<p>Dins, el foc.<\/p>\n<p>De vegades, no cal gaire m\u00e9s.<\/p>\n<\/div><div class=\"fusion-builder-row fusion-builder-row-inner fusion-row fusion-flex-align-items-flex-start fusion-flex-content-wrap\" style=\"--awb-flex-grow:0;--awb-flex-grow-medium:0;--awb-flex-grow-small:0;--awb-flex-shrink:0;--awb-flex-shrink-medium:0;--awb-flex-shrink-small:0;width:104% !important;max-width:104% !important;margin-left: calc(-4% \/ 2 );margin-right: calc(-4% \/ 2 );\"><div class=\"fusion-layout-column fusion_builder_column_inner fusion-builder-nested-column-0 fusion_builder_column_inner_1_2 1_2 fusion-flex-column\" style=\"--awb-bg-size:cover;--awb-width-large:50%;--awb-margin-top-large:0px;--awb-spacing-right-large:5px;--awb-margin-bottom-large:20px;--awb-spacing-left-large:3.84%;--awb-width-medium:50%;--awb-order-medium:0;--awb-spacing-right-medium:5px;--awb-spacing-left-medium:3.84%;--awb-width-small:100%;--awb-order-small:0;--awb-spacing-right-small:1.92%;--awb-spacing-left-small:1.92%;\" data-scroll-devices=\"small-visibility,medium-visibility,large-visibility\"><div class=\"fusion-column-wrapper fusion-column-has-shadow fusion-flex-justify-content-flex-start fusion-content-layout-column\"><div class=\"fusion-image-element\" style=\"--awb-caption-title-font-family:var(--h2_typography-font-family);--awb-caption-title-font-weight:var(--h2_typography-font-weight);--awb-caption-title-font-style:var(--h2_typography-font-style);--awb-caption-title-size:var(--h2_typography-font-size);--awb-caption-title-transform:var(--h2_typography-text-transform);--awb-caption-title-line-height:var(--h2_typography-line-height);--awb-caption-title-letter-spacing:var(--h2_typography-letter-spacing);\"><span class=\" fusion-imageframe imageframe-none imageframe-3 hover-type-none\"><img decoding=\"async\" width=\"2048\" height=\"1536\" alt=\"Ciclista banyant-se en un riu\" src=\"https:\/\/derivalenta.com\/wp-content\/uploads\/2025\/11\/Ciclista-banandose-en-un-rio.webp\" data-orig-src=\"https:\/\/derivalenta.com\/wp-content\/uploads\/2025\/11\/Ciclista-banandose-en-un-rio.webp\" class=\"lazyload img-responsive wp-image-4429\" srcset=\"data:image\/svg+xml,%3Csvg%20xmlns%3D%27http%3A%2F%2Fwww.w3.org%2F2000%2Fsvg%27%20width%3D%272048%27%20height%3D%271536%27%20viewBox%3D%270%200%202048%201536%27%3E%3Crect%20width%3D%272048%27%20height%3D%271536%27%20fill-opacity%3D%220%22%2F%3E%3C%2Fsvg%3E\" data-srcset=\"https:\/\/derivalenta.com\/wp-content\/uploads\/2025\/11\/Ciclista-banandose-en-un-rio-200x150.webp 200w, https:\/\/derivalenta.com\/wp-content\/uploads\/2025\/11\/Ciclista-banandose-en-un-rio-400x300.webp 400w, https:\/\/derivalenta.com\/wp-content\/uploads\/2025\/11\/Ciclista-banandose-en-un-rio-600x450.webp 600w, https:\/\/derivalenta.com\/wp-content\/uploads\/2025\/11\/Ciclista-banandose-en-un-rio-800x600.webp 800w, https:\/\/derivalenta.com\/wp-content\/uploads\/2025\/11\/Ciclista-banandose-en-un-rio-1200x900.webp 1200w, https:\/\/derivalenta.com\/wp-content\/uploads\/2025\/11\/Ciclista-banandose-en-un-rio.webp 2048w\" data-sizes=\"auto\" data-orig-sizes=\"(max-width: 640px) 100vw, 600px\" \/><\/span><\/div><\/div><\/div><div class=\"fusion-layout-column fusion_builder_column_inner fusion-builder-nested-column-1 fusion_builder_column_inner_1_2 1_2 fusion-flex-column\" style=\"--awb-bg-size:cover;--awb-width-large:50%;--awb-margin-top-large:0px;--awb-spacing-right-large:3.84%;--awb-margin-bottom-large:20px;--awb-spacing-left-large:5px;--awb-width-medium:50%;--awb-order-medium:0;--awb-spacing-right-medium:3.84%;--awb-spacing-left-medium:5px;--awb-width-small:100%;--awb-order-small:0;--awb-spacing-right-small:1.92%;--awb-spacing-left-small:1.92%;\" data-scroll-devices=\"small-visibility,medium-visibility,large-visibility\"><div class=\"fusion-column-wrapper fusion-column-has-shadow fusion-flex-justify-content-flex-start fusion-content-layout-column\"><div class=\"fusion-image-element\" style=\"--awb-caption-title-font-family:var(--h2_typography-font-family);--awb-caption-title-font-weight:var(--h2_typography-font-weight);--awb-caption-title-font-style:var(--h2_typography-font-style);--awb-caption-title-size:var(--h2_typography-font-size);--awb-caption-title-transform:var(--h2_typography-text-transform);--awb-caption-title-line-height:var(--h2_typography-line-height);--awb-caption-title-letter-spacing:var(--h2_typography-letter-spacing);\"><span class=\" fusion-imageframe imageframe-none imageframe-4 hover-type-none\"><img decoding=\"async\" width=\"2048\" height=\"1536\" alt=\"Ciclistes en refugi forestal a la calor del foc de la xemeneia\" src=\"https:\/\/derivalenta.com\/wp-content\/uploads\/2025\/11\/Ciclistas-en-refugio-forestal-al-calor-del-fuego-de-la-chimenea.webp\" data-orig-src=\"https:\/\/derivalenta.com\/wp-content\/uploads\/2025\/11\/Ciclistas-en-refugio-forestal-al-calor-del-fuego-de-la-chimenea.webp\" class=\"lazyload img-responsive wp-image-4349\" srcset=\"data:image\/svg+xml,%3Csvg%20xmlns%3D%27http%3A%2F%2Fwww.w3.org%2F2000%2Fsvg%27%20width%3D%272048%27%20height%3D%271536%27%20viewBox%3D%270%200%202048%201536%27%3E%3Crect%20width%3D%272048%27%20height%3D%271536%27%20fill-opacity%3D%220%22%2F%3E%3C%2Fsvg%3E\" data-srcset=\"https:\/\/derivalenta.com\/wp-content\/uploads\/2025\/11\/Ciclistas-en-refugio-forestal-al-calor-del-fuego-de-la-chimenea-200x150.webp 200w, https:\/\/derivalenta.com\/wp-content\/uploads\/2025\/11\/Ciclistas-en-refugio-forestal-al-calor-del-fuego-de-la-chimenea-400x300.webp 400w, https:\/\/derivalenta.com\/wp-content\/uploads\/2025\/11\/Ciclistas-en-refugio-forestal-al-calor-del-fuego-de-la-chimenea-600x450.webp 600w, https:\/\/derivalenta.com\/wp-content\/uploads\/2025\/11\/Ciclistas-en-refugio-forestal-al-calor-del-fuego-de-la-chimenea-800x600.webp 800w, https:\/\/derivalenta.com\/wp-content\/uploads\/2025\/11\/Ciclistas-en-refugio-forestal-al-calor-del-fuego-de-la-chimenea-1200x900.webp 1200w, https:\/\/derivalenta.com\/wp-content\/uploads\/2025\/11\/Ciclistas-en-refugio-forestal-al-calor-del-fuego-de-la-chimenea.webp 2048w\" data-sizes=\"auto\" data-orig-sizes=\"(max-width: 640px) 100vw, 600px\" \/><\/span><\/div><\/div><\/div><\/div><div class=\"fusion-builder-row fusion-builder-row-inner fusion-row fusion-flex-align-items-stretch fusion-flex-content-wrap\" style=\"--awb-flex-grow:0;--awb-flex-grow-medium:0;--awb-flex-grow-small:0;--awb-flex-shrink:0;--awb-flex-shrink-medium:0;--awb-flex-shrink-small:0;width:104% !important;max-width:104% !important;margin-left: calc(-4% \/ 2 );margin-right: calc(-4% \/ 2 );\"><div class=\"fusion-layout-column fusion_builder_column_inner fusion-builder-nested-column-2 fusion_builder_column_inner_1_2 1_2 fusion-flex-column\" style=\"--awb-bg-size:cover;--awb-width-large:50%;--awb-margin-top-large:0px;--awb-spacing-right-large:5px;--awb-margin-bottom-large:0px;--awb-spacing-left-large:3.84%;--awb-width-medium:50%;--awb-order-medium:0;--awb-spacing-right-medium:5px;--awb-spacing-left-medium:3.84%;--awb-width-small:100%;--awb-order-small:0;--awb-spacing-right-small:1.92%;--awb-spacing-left-small:1.92%;\" data-scroll-devices=\"small-visibility,medium-visibility,large-visibility\"><div class=\"fusion-column-wrapper fusion-column-has-shadow fusion-flex-justify-content-flex-start fusion-content-layout-column\"><div class=\"fusion-text fusion-text-4\" style=\"--awb-font-size:16pt;\"><p>La foscor d\u2019aquell rac\u00f3 de l\u2019Alt T\u00faria era tamb\u00e9 una invitaci\u00f3 massa temptadora per deixar la c\u00e0mera guardada. Aix\u00ed que encara hi va haver temps per eixir a fotografiar la nit. Normalment, la fotografia nocturna implica llargues esperes a la intemp\u00e8rie, per\u00f2 aquella vegada tenia trampa: podia passar una estona sota les estreles i tornar despr\u00e9s al contrast c\u00e0lid del refugi, al costat de la llar de foc.  <\/p>\n<p>Aix\u00ed, la fotografia nocturna no semblava tan extrema.<\/p>\n<p>Vam dormir calents mentre, fora, el T\u00faria continuava corrent.<\/p>\n<p>L\u2019endem\u00e0 de mat\u00ed, el fred continuava all\u00ed, esperant-nos. Per\u00f2 poques coses ajuden tant a reconciliar-se amb un mat\u00ed fred com sostindre una tassa de caf\u00e9 calent entre les mans mentre escoltes c\u00f3rrer l\u2019aigua. <\/p>\n<p>Asseguts al costat del refugi, aquell primer caf\u00e9 va ser suficient per comen\u00e7ar a imaginar una segona jornada tan plaent com l\u2019anterior.<\/p>\n<p>Tocava recollir.<\/p>\n<\/div><\/div><\/div><div class=\"fusion-layout-column fusion_builder_column_inner fusion-builder-nested-column-3 fusion_builder_column_inner_1_2 1_2 fusion-flex-column fusion-flex-align-self-flex-start\" style=\"--awb-bg-size:cover;--awb-width-large:50%;--awb-margin-top-large:0px;--awb-spacing-right-large:3.84%;--awb-margin-bottom-large:0px;--awb-spacing-left-large:5px;--awb-width-medium:50%;--awb-order-medium:0;--awb-spacing-right-medium:3.84%;--awb-spacing-left-medium:5px;--awb-width-small:100%;--awb-order-small:0;--awb-spacing-right-small:1.92%;--awb-spacing-left-small:1.92%;\" data-scroll-devices=\"small-visibility,medium-visibility,large-visibility\"><div class=\"fusion-column-wrapper fusion-column-has-shadow fusion-flex-justify-content-flex-start fusion-content-layout-column\"><div class=\"fusion-image-element\" style=\"--awb-caption-title-font-family:var(--h2_typography-font-family);--awb-caption-title-font-weight:var(--h2_typography-font-weight);--awb-caption-title-font-style:var(--h2_typography-font-style);--awb-caption-title-size:var(--h2_typography-font-size);--awb-caption-title-transform:var(--h2_typography-text-transform);--awb-caption-title-line-height:var(--h2_typography-line-height);--awb-caption-title-letter-spacing:var(--h2_typography-letter-spacing);\"><span class=\" fusion-imageframe imageframe-none imageframe-5 hover-type-none\"><img decoding=\"async\" width=\"1536\" height=\"2048\" alt=\"Refugi amb bicicleta recolzada i rastre d&#039;estrelles al cel\" src=\"https:\/\/derivalenta.com\/wp-content\/uploads\/2025\/11\/Refugio-con-bicicleta-apoyada-y-rastro-de-estrellas-en-el-cielo.webp\" data-orig-src=\"https:\/\/derivalenta.com\/wp-content\/uploads\/2025\/11\/Refugio-con-bicicleta-apoyada-y-rastro-de-estrellas-en-el-cielo.webp\" class=\"lazyload img-responsive wp-image-4505\" srcset=\"data:image\/svg+xml,%3Csvg%20xmlns%3D%27http%3A%2F%2Fwww.w3.org%2F2000%2Fsvg%27%20width%3D%271536%27%20height%3D%272048%27%20viewBox%3D%270%200%201536%202048%27%3E%3Crect%20width%3D%271536%27%20height%3D%272048%27%20fill-opacity%3D%220%22%2F%3E%3C%2Fsvg%3E\" data-srcset=\"https:\/\/derivalenta.com\/wp-content\/uploads\/2025\/11\/Refugio-con-bicicleta-apoyada-y-rastro-de-estrellas-en-el-cielo-200x267.webp 200w, https:\/\/derivalenta.com\/wp-content\/uploads\/2025\/11\/Refugio-con-bicicleta-apoyada-y-rastro-de-estrellas-en-el-cielo-400x533.webp 400w, https:\/\/derivalenta.com\/wp-content\/uploads\/2025\/11\/Refugio-con-bicicleta-apoyada-y-rastro-de-estrellas-en-el-cielo-600x800.webp 600w, https:\/\/derivalenta.com\/wp-content\/uploads\/2025\/11\/Refugio-con-bicicleta-apoyada-y-rastro-de-estrellas-en-el-cielo-800x1067.webp 800w, https:\/\/derivalenta.com\/wp-content\/uploads\/2025\/11\/Refugio-con-bicicleta-apoyada-y-rastro-de-estrellas-en-el-cielo-1200x1600.webp 1200w, https:\/\/derivalenta.com\/wp-content\/uploads\/2025\/11\/Refugio-con-bicicleta-apoyada-y-rastro-de-estrellas-en-el-cielo.webp 1536w\" data-sizes=\"auto\" data-orig-sizes=\"(max-width: 640px) 100vw, 600px\" \/><\/span><\/div><\/div><\/div><\/div><div class=\"fusion-text fusion-text-5\" style=\"--awb-font-size:16pt;\"><p>Tornar a carregar les bicicletes, ordenar les nostres coses, netejar i deixar el refugi en condicions per als qui arribaren despr\u00e9s. Lluny de convertir-se en una obligaci\u00f3, aquelles petites tasques mec\u00e0niques van tindre alguna cosa de ritual. Guardar, plegar, agranar, comprovar que tot quedava tal com ho hav\u00edem trobat. Accions senzilles que no exigien pensar massa i que, mentre les mans treballaven, semblaven anar esborrant a poc a poc el cansament de les cames.   <\/p>\n<p>Quan vam tornar a pujar a les bicicletes, el cos ja havia ent\u00e9s que encara quedava tota una jornada per davant.<\/p>\n<p>I aix\u00ed va ser.<\/p>\n<p>Una altra jornada de pistes, boscos, pobles menuts i parades sense mirar massa el rellotge. Amb la filosofia del slowbiking, vam poder continuar gaudint del territori sense convertir el recorregut en una persecuci\u00f3 de quil\u00f2metres. <\/p>\n<p>Perqu\u00e8 potser eixa siga una de les coses que m\u00e9s m\u2019atrauen de viatjar en bicicleta: poder travessar un lloc a la velocitat suficient per avan\u00e7ar, per\u00f2 tamb\u00e9 prou a poc a poc per adonar-te que realment est\u00e0s all\u00ed.<\/p>\n<h3><strong>Camins diferents, una mateixa deriva<\/strong><\/h3>\n<p>Mentre escric aquesta Deriva, no puc evitar pensar en Deriva Lenta. Quan vam rec\u00f3rrer aquests camins, l\u2019any 2023, el projecte encara no existia. Per\u00f2, vist des d\u2019avui, resulta curi\u00f3s recon\u00e9ixer en aquella experi\u00e8ncia algunes de les idees que, dos anys m\u00e9s tard, acabarien donant forma a DL.  <\/p>\n<p>Rodera i Deriva Lenta s\u00f3n projectes diferents, nascuts en llocs diferents i amb les seues pr\u00f2pies inquietuds, per\u00f2 resulta bonic descobrir que hi ha altres persones que miren el territori d\u2019una manera semblant. Persones que entenen que dissenyar una ruta no consisteix \u00fanicament a unir dos punts de la manera m\u00e9s eficient possible. <\/p>\n<p>Hi ha una altra manera de fer-ho.<\/p>\n<p>Buscar el cam\u00ed secundari. Preferir una pista a una carretera encara que supose fer una petita volta. Entrar en eixe poble on, aparentment, no hi havia cap ra\u00f3 per entrar. Aturar-se al costat d\u2019un riu. Dormir en un refugi. Al\u00e7ar la mirada del GPS.     <\/p>\n<p>En realitat, potser el slowbiking t\u00e9 ben poc de nou.<\/p>\n<p>Durant segles, els qui van rec\u00f3rrer els assagadors ja viatjaven adaptant-se al territori. Els camins no eren all\u00ed per arribar abans, sin\u00f3 per poder arribar. Vorejaven pobles, travessaven muntanyes i buscaven els passos que permetien conduir el ramat entre les pastures del litoral i les terres altes.  <\/p>\n<p>Nosaltres portem bicicletes carregades en lloc de ramats, seguim una l\u00ednia digital en lloc de les petjades dels animals i busquem experi\u00e8ncies en comptes de pastures. Per\u00f2 hi ha alguna cosa familiar en aquesta manera d\u2019avan\u00e7ar. <\/p>\n<p>Potser viatjar a poc a poc no siga tant una nova manera de rec\u00f3rrer el territori com una forma de recuperar alguna cosa que hav\u00edem oblidat.<\/p>\n<h3><strong>Tornar<\/strong><\/h3>\n<p>Si el que vam rec\u00f3rrer durant aquells dos dies \u00e9s representatiu de la resta del Cam\u00ed dels Assagadors, estic conven\u00e7ut que Rodera va cam\u00ed de convertir-se en una de les meues rutes preferides.<\/p>\n<p>I potser el millor siga saber que continua all\u00ed.<\/p>\n<p>Prop de casa.<\/p>\n<p>Esperant.<\/p>\n<p>Perqu\u00e8 haver-ne recorregut nom\u00e9s una petita part no ha fet desapar\u00e9ixer les ganes de con\u00e9ixer-la. Ha passat just el contrari. Ara vull seguir eixa l\u00ednia fins al final, jugar amb el track, desviar-me, tornar, descobrir els camins que naixen als seus costats i entendre una mica millor eixe territori que durant massa temps he tingut tan a prop i, alhora, tan lluny.  <\/p>\n<p>Algun dia arribar\u00e0 el moment de rec\u00f3rrer complet el Cam\u00ed dels Assagadors: partir del Mediterrani, deixar enrere la mar per endinsar-me en les serres valencianes i, molts quil\u00f2metres despr\u00e9s, tornar a trobar-la a l\u2019altre extrem del cam\u00ed.<\/p>\n<p>Fins aleshores, em quede amb aquell mat\u00ed fred al costat del T\u00faria, l\u2019olor de la llar de foc encara impregnada a la roba i dues bicicletes novament carregades davant d\u2019un cam\u00ed que continuava.<\/p>\n<p>Al cap i a la fi, els assagadors sempre han servit per a aix\u00f2.<\/p>\n<p>Per continuar avan\u00e7ant.<\/p>\n<\/div><div style=\"text-align:center;\"><a class=\"fusion-button button-flat fusion-button-default-size button-default fusion-button-default button-1 fusion-button-default-span fusion-button-default-type\" style=\"--awb-margin-bottom:15px;\" target=\"_self\" href=\"https:\/\/derivalenta.com\/va\/?post_type=historia_visual&amp;p=4536\"><span class=\"fusion-button-text awb-button__text awb-button__text--default\">Veure Relat Visual<\/span><\/a><\/div><\/div><\/div><\/div><\/div><div class=\"fusion-fullwidth fullwidth-box fusion-builder-row-2 fusion-flex-container has-pattern-background has-mask-background nonhundred-percent-fullwidth non-hundred-percent-height-scrolling\" style=\"--awb-border-radius-top-left:0px;--awb-border-radius-top-right:0px;--awb-border-radius-bottom-right:0px;--awb-border-radius-bottom-left:0px;--awb-flex-wrap:wrap;\" ><div class=\"fusion-builder-row fusion-row fusion-flex-align-items-flex-start fusion-flex-content-wrap\" style=\"max-width:1248px;margin-left: calc(-4% \/ 2 );margin-right: calc(-4% \/ 2 );\"><div class=\"fusion-layout-column fusion_builder_column fusion-builder-column-1 fusion_builder_column_1_1 1_1 fusion-flex-column\" style=\"--awb-bg-size:cover;--awb-width-large:100%;--awb-margin-top-large:0px;--awb-spacing-right-large:1.92%;--awb-margin-bottom-large:20px;--awb-spacing-left-large:1.92%;--awb-width-medium:100%;--awb-order-medium:0;--awb-spacing-right-medium:1.92%;--awb-spacing-left-medium:1.92%;--awb-width-small:100%;--awb-order-small:0;--awb-spacing-right-small:1.92%;--awb-spacing-left-small:1.92%;\"><div class=\"fusion-column-wrapper fusion-column-has-shadow fusion-flex-justify-content-flex-start fusion-content-layout-column\"><div class=\"dl-nav-final\"><div class=\"dl-nav-col dl-nav-prev\"><div class=\"dl-nav-label\"><span class=\"dl-arrow\">\u2190<\/span> DERIVA ANTERIOR<\/div><a href=\"https:\/\/derivalenta.com\/va\/mustang-mes-enlla-del-thorong-la\/\" class=\"dl-nav-title\">Mustang. M\u00e9s enll\u00e0 del Thorong La<\/a><\/div><div class=\"dl-nav-col dl-nav-next\"><\/div><\/div>\n<\/div><\/div><\/div><\/div><div class=\"fusion-fullwidth fullwidth-box fusion-builder-row-3 fusion-flex-container has-pattern-background has-mask-background nonhundred-percent-fullwidth non-hundred-percent-height-scrolling\" style=\"--awb-border-radius-top-left:0px;--awb-border-radius-top-right:0px;--awb-border-radius-bottom-right:0px;--awb-border-radius-bottom-left:0px;--awb-flex-wrap:wrap;\" ><div class=\"fusion-builder-row fusion-row fusion-flex-align-items-flex-start fusion-flex-content-wrap\" style=\"max-width:1248px;margin-left: calc(-4% \/ 2 );margin-right: calc(-4% \/ 2 );\"><div class=\"fusion-layout-column fusion_builder_column fusion-builder-column-2 fusion_builder_column_1_2 1_2 fusion-flex-column\" style=\"--awb-bg-size:cover;--awb-width-large:50%;--awb-margin-top-large:0px;--awb-spacing-right-large:3.84%;--awb-margin-bottom-large:20px;--awb-spacing-left-large:3.84%;--awb-width-medium:50%;--awb-order-medium:0;--awb-spacing-right-medium:3.84%;--awb-spacing-left-medium:3.84%;--awb-width-small:100%;--awb-order-small:2;--awb-spacing-right-small:1.92%;--awb-spacing-left-small:1.92%;\" data-scroll-devices=\"small-visibility,medium-visibility,large-visibility\"><div class=\"fusion-column-wrapper fusion-column-has-shadow fusion-flex-justify-content-flex-start fusion-content-layout-column\"><div class=\"fusion-text fusion-text-6\"><p style=\"text-align: center;\"><strong><span style=\"font-size: 15pt;\">T\u2019abelleix seguir el rumb de Deriva Lenta?<\/span><\/strong><\/p>\n<p style=\"text-align: center;\">Algunes Derives es conten millor amb calma, quan el cam\u00ed ja ha reposat.<\/p>\n<p style=\"text-align: center;\">Si et ve de gust acompanyar aquests viatges quan troben el seu moment, la slowletter \u00e9s una bona manera de seguir el rumb.<\/p>\n<\/div><div class=\"fusion-text fusion-text-7\"><div class=\"dl-slowletter-minimal\" style=\"text-align: center; padding: 55px 20px; max-width: 750px; margin: 0 auto;\"><div class=\"tnp tnp-subscription \">\n<form method=\"post\" action=\"https:\/\/derivalenta.com\/wp-admin\/admin-ajax.php?action=tnp&amp;na=s\">\n<input type=\"hidden\" name=\"nlang\" value=\"va\">\n<div class=\"tnp-field tnp-field-firstname\"><label for=\"tnp-1\">Nom<\/label>\n<input class=\"tnp-name\" type=\"text\" name=\"nn\" id=\"tnp-1\" value=\"\" placeholder=\"\"><\/div>\n<div class=\"tnp-field tnp-field-email\"><label for=\"tnp-2\">Correu electr\u00f2nic<\/label>\n<input class=\"tnp-email\" type=\"email\" name=\"ne\" id=\"tnp-2\" value=\"\" placeholder=\"\" required><\/div>\n<div class=\"tnp-field tnp-privacy-field\"><label><input type=\"checkbox\" name=\"ny\" required class=\"tnp-privacy\"> <a target=\"_blank\" href=\"https:\/\/derivalenta.com\/va\/politica-de-privadesa\/\">Accepte la pol\u00edtica de privacitat<\/a><\/label><\/div><div class=\"tnp-field tnp-field-button\" style=\"text-align: left\"><input class=\"tnp-submit\" type=\"submit\" value=\"Subscriu-me\" style=\"\">\n<\/div>\n<\/form>\n<\/div>\n<\/div>\n<\/div><\/div><\/div><div class=\"fusion-layout-column fusion_builder_column fusion-builder-column-3 fusion_builder_column_1_2 1_2 fusion-flex-column fusion-flex-align-self-stretch\" style=\"--awb-bg-position:center center;--awb-bg-size:cover;--awb-width-large:50%;--awb-margin-top-large:0px;--awb-spacing-right-large:3.84%;--awb-margin-bottom-large:20px;--awb-spacing-left-large:3.84%;--awb-width-medium:50%;--awb-order-medium:0;--awb-spacing-right-medium:3.84%;--awb-spacing-left-medium:3.84%;--awb-width-small:100%;--awb-order-small:1;--awb-spacing-right-small:1.92%;--awb-spacing-left-small:1.92%;\" data-scroll-devices=\"small-visibility,medium-visibility,large-visibility\"><div class=\"fusion-column-wrapper lazyload fusion-column-has-shadow fusion-flex-justify-content-flex-start fusion-content-layout-column fusion-empty-column-bg-image fusion-column-has-bg-image\" data-bg-url=\"https:\/\/derivalenta.com\/wp-content\/uploads\/2025\/08\/Dibujo-de-rio-con-refugio-de-noche.webp\" data-bg=\"https:\/\/derivalenta.com\/wp-content\/uploads\/2025\/08\/Dibujo-de-rio-con-refugio-de-noche.webp\"><img decoding=\"async\" class=\"fusion-empty-dims-img-placeholder\" alt=\"Dibujo de rio con refugio de noche\" src=\"data:image\/svg+xml,%3Csvg%20xmlns%3D%27http%3A%2F%2Fwww.w3.org%2F2000%2Fsvg%27%20width%3D%271890%27%20height%3D%271417%27%20viewBox%3D%270%200%201890%201417%27%3E%3Crect%20width%3D%271890%27%20height%3D%271417%27%20fill-opacity%3D%220%22%2F%3E%3C%2Fsvg%3E\"><\/div><\/div><\/div><\/div><\/p>\n","protected":false},"excerpt":{"rendered":"<p>Si hi ha una ruta que fa temps que desitge rec\u00f3rrer, \u00e9s Rodera, el Cam\u00ed dels Assagadors. Per qu\u00e8? Perqu\u00e8 s\u00f3c valenci\u00e0. I, com a tal, admet amb un punt de rubor que encara no he explorat tots els tresors de la meua pr\u00f2pia terra. Rodera \u00e9s just aix\u00f2: l\u2019ocasi\u00f3 perfecta per endinsar-me en una d\u2019aquelles zones que encara em queden per assaborir i retrobar-me amb la bellesa d\u2019un territori que, per a mi, \u00e9s dels m\u00e9s bonics del m\u00f3n.    <\/p>\n","protected":false},"author":1,"featured_media":4539,"comment_status":"open","ping_status":"open","sticky":false,"template":"","format":"standard","meta":{"_acf_changed":false,"footnotes":""},"categories":[170],"tags":[],"class_list":["post-4279","post","type-post","status-publish","format-standard","has-post-thumbnail","hentry","category-croniques-a-la-deriva"],"acf":[],"_links":{"self":[{"href":"https:\/\/derivalenta.com\/va\/wp-json\/wp\/v2\/posts\/4279","targetHints":{"allow":["GET"]}}],"collection":[{"href":"https:\/\/derivalenta.com\/va\/wp-json\/wp\/v2\/posts"}],"about":[{"href":"https:\/\/derivalenta.com\/va\/wp-json\/wp\/v2\/types\/post"}],"author":[{"embeddable":true,"href":"https:\/\/derivalenta.com\/va\/wp-json\/wp\/v2\/users\/1"}],"replies":[{"embeddable":true,"href":"https:\/\/derivalenta.com\/va\/wp-json\/wp\/v2\/comments?post=4279"}],"version-history":[{"count":50,"href":"https:\/\/derivalenta.com\/va\/wp-json\/wp\/v2\/posts\/4279\/revisions"}],"predecessor-version":[{"id":7768,"href":"https:\/\/derivalenta.com\/va\/wp-json\/wp\/v2\/posts\/4279\/revisions\/7768"}],"wp:featuredmedia":[{"embeddable":true,"href":"https:\/\/derivalenta.com\/va\/wp-json\/wp\/v2\/media\/4539"}],"wp:attachment":[{"href":"https:\/\/derivalenta.com\/va\/wp-json\/wp\/v2\/media?parent=4279"}],"wp:term":[{"taxonomy":"category","embeddable":true,"href":"https:\/\/derivalenta.com\/va\/wp-json\/wp\/v2\/categories?post=4279"},{"taxonomy":"post_tag","embeddable":true,"href":"https:\/\/derivalenta.com\/va\/wp-json\/wp\/v2\/tags?post=4279"}],"curies":[{"name":"wp","href":"https:\/\/api.w.org\/{rel}","templated":true}]}}